{"id":5722,"date":"2024-07-13T15:01:55","date_gmt":"2024-07-13T13:01:55","guid":{"rendered":"https:\/\/www.agchamaeleons.de\/?p=5722"},"modified":"2024-07-21T15:07:16","modified_gmt":"2024-07-21T13:07:16","slug":"furcifer-viridis-nachzuchten-in-der-ag","status":"publish","type":"post","link":"https:\/\/www.agchamaeleons.de\/de\/furcifer-viridis-nachzuchten-in-der-ag\/","title":{"rendered":"Furcifer viridis Nachzuchten in der AG"},"content":{"rendered":"<p><span class=\"x193iq5w xeuugli x13faqbe x1vvkbs x1xmvt09 x1lliihq x1s928wv xhkezso x1gmr53x x1cpjm7i x1fgarty x1943h6x xudqn12 x3x7a5m x6prxxf xvq8zen xo1l8bm xzsf02u x1yc453h\" dir=\"auto\">AG-Mitglied David Pr\u00f6tzel hat erfolgreich ein Gelege von <em>Furcifer viridis<\/em> inkubiert und zum Schlupf gebracht. Herzlichen Gl\u00fcckwunsch! <\/span><\/p>\n<p style=\"text-align: justify;\"><span class=\"x193iq5w xeuugli x13faqbe x1vvkbs x1xmvt09 x1lliihq x1s928wv xhkezso x1gmr53x x1cpjm7i x1fgarty x1943h6x xudqn12 x3x7a5m x6prxxf xvq8zen xo1l8bm xzsf02u x1yc453h\" dir=\"auto\"><em>Furcifer viridis<\/em> ist eine kleine Cham\u00e4leonart, die im Westen Madagaskars vorkommt. Man dachte lange, dass die Art zum Teppichcham\u00e4leon <em>Furcifer lateralis<\/em> geh\u00f6rt &#8211; seit 2012 ist aber klar, dass es sich um eine eigene Art handelt. David hat die Eier rund 50 Tage bei 20-22\u00b0C (Zimmertemperatur) inkubiert, dann weitere 50 Tage bei 24-25\u00b0C im Inkubator. Ab Tag 100 bis zum Schlupf lagen die Eier bei 28 bis 29\u00b0C. Insgesamt lag die Inkubationsdauer bei 142 Tagen. Als Substrat hat David feines Vermiculite genutzt, das einmalig nachgefeuchtet wurde.<\/span><\/p>\n<p><\/p>","protected":false},"excerpt":{"rendered":"<p>AG-Mitglied David Pr\u00f6tzel hat erfolgreich ein Gelege von Furcifer viridis inkubiert und zum Schlupf gebracht. Herzlichen Gl\u00fcckwunsch! Furcifer viridis ist eine kleine Cham\u00e4leonart, die im Westen Madagaskars vorkommt. Man dachte lange, dass die Art zum Teppichcham\u00e4leon Furcifer lateralis geh\u00f6rt &#8211; seit 2012 ist aber klar, dass es sich um eine eigene Art handelt. David hat [&hellip;]<\/p>\n","protected":false},"author":7,"featured_media":5723,"comment_status":"closed","ping_status":"open","sticky":false,"template":"","format":"standard","meta":{"footnotes":""},"categories":[345],"tags":[],"class_list":["post-5722","post","type-post","status-publish","format-standard","has-post-thumbnail","hentry","category-nachzuchten"],"yoast_head":"<!-- This site is optimized with the Yoast SEO plugin v27.5 - https:\/\/yoast.com\/product\/yoast-seo-wordpress\/ -->\n<title>Furcifer viridis Nachzuchten in der AG - AG Cham\u00e4leons<\/title>\n<meta name=\"robots\" content=\"index, follow, max-snippet:-1, max-image-preview:large, max-video-preview:-1\" \/>\n<link rel=\"canonical\" href=\"https:\/\/www.agchamaeleons.de\/de\/furcifer-viridis-nachzuchten-in-der-ag\/\" \/>\n<meta property=\"og:locale\" content=\"de_DE\" \/>\n<meta property=\"og:type\" content=\"article\" \/>\n<meta property=\"og:title\" content=\"Furcifer viridis Nachzuchten in der AG - AG Cham\u00e4leons\" \/>\n<meta property=\"og:description\" content=\"AG-Mitglied David Pr\u00f6tzel hat erfolgreich ein Gelege von Furcifer viridis inkubiert und zum Schlupf gebracht. Herzlichen Gl\u00fcckwunsch! Furcifer viridis ist eine kleine Cham\u00e4leonart, die im Westen Madagaskars vorkommt. Man dachte lange, dass die Art zum Teppichcham\u00e4leon Furcifer lateralis geh\u00f6rt &#8211; seit 2012 ist aber klar, dass es sich um eine eigene Art handelt. David hat [&hellip;]\" \/>\n<meta property=\"og:url\" content=\"https:\/\/www.agchamaeleons.de\/de\/furcifer-viridis-nachzuchten-in-der-ag\/\" \/>\n<meta property=\"og:site_name\" content=\"AG Cham\u00e4leons\" \/>\n<meta property=\"article:published_time\" content=\"2024-07-13T13:01:55+00:00\" \/>\n<meta property=\"article:modified_time\" content=\"2024-07-21T13:07:16+00:00\" \/>\n<meta property=\"og:image\" content=\"https:\/\/www.agchamaeleons.de\/wp-content\/uploads\/2024\/07\/Furcifer-viridis-David-Proetzel-2-e1721567044978.jpg\" \/>\n\t<meta property=\"og:image:width\" content=\"1614\" \/>\n\t<meta property=\"og:image:height\" content=\"1174\" \/>\n\t<meta property=\"og:image:type\" content=\"image\/jpeg\" \/>\n<meta name=\"author\" content=\"Alex Negro\" \/>\n<meta name=\"twitter:card\" content=\"summary_large_image\" \/>\n<meta name=\"twitter:label1\" content=\"Verfasst von\" \/>\n\t<meta name=\"twitter:data1\" content=\"Alex Negro\" \/>\n\t<meta name=\"twitter:label2\" content=\"Gesch\u00e4tzte Lesezeit\" \/>\n\t<meta name=\"twitter:data2\" content=\"1\u00a0Minute\" \/>\n<script type=\"application\/ld+json\" class=\"yoast-schema-graph\">{\"@context\":\"https:\\\/\\\/schema.org\",\"@graph\":[{\"@type\":\"Article\",\"@id\":\"https:\\\/\\\/www.agchamaeleons.de\\\/furcifer-viridis-nachzuchten-in-der-ag\\\/#article\",\"isPartOf\":{\"@id\":\"https:\\\/\\\/www.agchamaeleons.de\\\/furcifer-viridis-nachzuchten-in-der-ag\\\/\"},\"author\":{\"name\":\"Alex Negro\",\"@id\":\"https:\\\/\\\/www.agchamaeleons.de\\\/de\\\/#\\\/schema\\\/person\\\/b04500b4a994029068c4d5994e847ca3\"},\"headline\":\"Furcifer viridis Nachzuchten in der AG\",\"datePublished\":\"2024-07-13T13:01:55+00:00\",\"dateModified\":\"2024-07-21T13:07:16+00:00\",\"mainEntityOfPage\":{\"@id\":\"https:\\\/\\\/www.agchamaeleons.de\\\/furcifer-viridis-nachzuchten-in-der-ag\\\/\"},\"wordCount\":224,\"image\":{\"@id\":\"https:\\\/\\\/www.agchamaeleons.de\\\/furcifer-viridis-nachzuchten-in-der-ag\\\/#primaryimage\"},\"thumbnailUrl\":\"https:\\\/\\\/www.agchamaeleons.de\\\/wp-content\\\/uploads\\\/2024\\\/07\\\/Furcifer-viridis-David-Proetzel-2-e1721567044978.jpg\",\"articleSection\":[\"Nachzuchten\"],\"inLanguage\":\"de\"},{\"@type\":\"WebPage\",\"@id\":\"https:\\\/\\\/www.agchamaeleons.de\\\/de\\\/furcifer-viridis-nachzuchten-in-der-ag\\\/\",\"url\":\"https:\\\/\\\/www.agchamaeleons.de\\\/de\\\/furcifer-viridis-nachzuchten-in-der-ag\\\/\",\"name\":\"Furcifer viridis Nachzuchten in der AG - AG Cham\u00e4leons\",\"isPartOf\":{\"@id\":\"https:\\\/\\\/www.agchamaeleons.de\\\/de\\\/#website\"},\"primaryImageOfPage\":{\"@id\":\"https:\\\/\\\/www.agchamaeleons.de\\\/de\\\/furcifer-viridis-nachzuchten-in-der-ag\\\/#primaryimage\"},\"image\":{\"@id\":\"https:\\\/\\\/www.agchamaeleons.de\\\/furcifer-viridis-nachzuchten-in-der-ag\\\/#primaryimage\"},\"thumbnailUrl\":\"https:\\\/\\\/www.agchamaeleons.de\\\/wp-content\\\/uploads\\\/2024\\\/07\\\/Furcifer-viridis-David-Proetzel-2-e1721567044978.jpg\",\"datePublished\":\"2024-07-13T13:01:55+00:00\",\"dateModified\":\"2024-07-21T13:07:16+00:00\",\"author\":{\"@id\":\"https:\\\/\\\/www.agchamaeleons.de\\\/de\\\/#\\\/schema\\\/person\\\/b04500b4a994029068c4d5994e847ca3\"},\"inLanguage\":\"de\",\"potentialAction\":[{\"@type\":\"ReadAction\",\"target\":[[\"https:\\\/\\\/www.agchamaeleons.de\\\/de\\\/furcifer-viridis-nachzuchten-in-der-ag\\\/\"]]}]},{\"@type\":\"ImageObject\",\"inLanguage\":\"de\",\"@id\":\"https:\\\/\\\/www.agchamaeleons.de\\\/de\\\/furcifer-viridis-nachzuchten-in-der-ag\\\/#primaryimage\",\"url\":\"https:\\\/\\\/www.agchamaeleons.de\\\/wp-content\\\/uploads\\\/2024\\\/07\\\/Furcifer-viridis-David-Proetzel-2-e1721567044978.jpg\",\"contentUrl\":\"https:\\\/\\\/www.agchamaeleons.de\\\/wp-content\\\/uploads\\\/2024\\\/07\\\/Furcifer-viridis-David-Proetzel-2-e1721567044978.jpg\",\"width\":1614,\"height\":1174},{\"@type\":\"WebSite\",\"@id\":\"https:\\\/\\\/www.agchamaeleons.de\\\/de\\\/#website\",\"url\":\"https:\\\/\\\/www.agchamaeleons.de\\\/de\\\/\",\"name\":\"AG Cham\u00e4leons\",\"description\":\"\",\"potentialAction\":[{\"@type\":\"SearchAction\",\"target\":{\"@type\":\"EntryPoint\",\"urlTemplate\":\"https:\\\/\\\/www.agchamaeleons.de\\\/de\\\/?s={search_term_string}\"},\"query-input\":{\"@type\":\"PropertyValueSpecification\",\"valueRequired\":true,\"valueName\":\"search_term_string\"}}],\"inLanguage\":\"de\"},{\"@type\":\"Person\",\"@id\":\"https:\\\/\\\/www.agchamaeleons.de\\\/de\\\/#\\\/schema\\\/person\\\/b04500b4a994029068c4d5994e847ca3\",\"name\":\"Alex Negro\",\"url\":\"https:\\\/\\\/www.agchamaeleons.de\\\/de\\\/author\\\/alex\\\/\"}]}<\/script>\n<!-- \/ Yoast SEO plugin. -->","yoast_head_json":{"title":"Furcifer viridis Nachzuchten in der AG - AG Cham\u00e4leons","robots":{"index":"index","follow":"follow","max-snippet":"max-snippet:-1","max-image-preview":"max-image-preview:large","max-video-preview":"max-video-preview:-1"},"canonical":"https:\/\/www.agchamaeleons.de\/de\/furcifer-viridis-nachzuchten-in-der-ag\/","og_locale":"de_DE","og_type":"article","og_title":"Furcifer viridis Nachzuchten in der AG - AG Cham\u00e4leons","og_description":"AG-Mitglied David Pr\u00f6tzel hat erfolgreich ein Gelege von Furcifer viridis inkubiert und zum Schlupf gebracht. Herzlichen Gl\u00fcckwunsch! Furcifer viridis ist eine kleine Cham\u00e4leonart, die im Westen Madagaskars vorkommt. Man dachte lange, dass die Art zum Teppichcham\u00e4leon Furcifer lateralis geh\u00f6rt &#8211; seit 2012 ist aber klar, dass es sich um eine eigene Art handelt. David hat [&hellip;]","og_url":"https:\/\/www.agchamaeleons.de\/de\/furcifer-viridis-nachzuchten-in-der-ag\/","og_site_name":"AG Cham\u00e4leons","article_published_time":"2024-07-13T13:01:55+00:00","article_modified_time":"2024-07-21T13:07:16+00:00","og_image":[{"width":1614,"height":1174,"url":"https:\/\/www.agchamaeleons.de\/wp-content\/uploads\/2024\/07\/Furcifer-viridis-David-Proetzel-2-e1721567044978.jpg","type":"image\/jpeg"}],"author":"Alex Negro","twitter_card":"summary_large_image","twitter_misc":{"Verfasst von":"Alex Negro","Gesch\u00e4tzte Lesezeit":"1\u00a0Minute"},"schema":{"@context":"https:\/\/schema.org","@graph":[{"@type":"Article","@id":"https:\/\/www.agchamaeleons.de\/furcifer-viridis-nachzuchten-in-der-ag\/#article","isPartOf":{"@id":"https:\/\/www.agchamaeleons.de\/furcifer-viridis-nachzuchten-in-der-ag\/"},"author":{"name":"Alex Negro","@id":"https:\/\/www.agchamaeleons.de\/de\/#\/schema\/person\/b04500b4a994029068c4d5994e847ca3"},"headline":"Furcifer viridis Nachzuchten in der AG","datePublished":"2024-07-13T13:01:55+00:00","dateModified":"2024-07-21T13:07:16+00:00","mainEntityOfPage":{"@id":"https:\/\/www.agchamaeleons.de\/furcifer-viridis-nachzuchten-in-der-ag\/"},"wordCount":224,"image":{"@id":"https:\/\/www.agchamaeleons.de\/furcifer-viridis-nachzuchten-in-der-ag\/#primaryimage"},"thumbnailUrl":"https:\/\/www.agchamaeleons.de\/wp-content\/uploads\/2024\/07\/Furcifer-viridis-David-Proetzel-2-e1721567044978.jpg","articleSection":["Nachzuchten"],"inLanguage":"de"},{"@type":"WebPage","@id":"https:\/\/www.agchamaeleons.de\/de\/furcifer-viridis-nachzuchten-in-der-ag\/","url":"https:\/\/www.agchamaeleons.de\/de\/furcifer-viridis-nachzuchten-in-der-ag\/","name":"Furcifer viridis Nachzuchten in der AG - AG Cham\u00e4leons","isPartOf":{"@id":"https:\/\/www.agchamaeleons.de\/de\/#website"},"primaryImageOfPage":{"@id":"https:\/\/www.agchamaeleons.de\/de\/furcifer-viridis-nachzuchten-in-der-ag\/#primaryimage"},"image":{"@id":"https:\/\/www.agchamaeleons.de\/furcifer-viridis-nachzuchten-in-der-ag\/#primaryimage"},"thumbnailUrl":"https:\/\/www.agchamaeleons.de\/wp-content\/uploads\/2024\/07\/Furcifer-viridis-David-Proetzel-2-e1721567044978.jpg","datePublished":"2024-07-13T13:01:55+00:00","dateModified":"2024-07-21T13:07:16+00:00","author":{"@id":"https:\/\/www.agchamaeleons.de\/de\/#\/schema\/person\/b04500b4a994029068c4d5994e847ca3"},"inLanguage":"de","potentialAction":[{"@type":"ReadAction","target":[["https:\/\/www.agchamaeleons.de\/de\/furcifer-viridis-nachzuchten-in-der-ag\/"]]}]},{"@type":"ImageObject","inLanguage":"de","@id":"https:\/\/www.agchamaeleons.de\/de\/furcifer-viridis-nachzuchten-in-der-ag\/#primaryimage","url":"https:\/\/www.agchamaeleons.de\/wp-content\/uploads\/2024\/07\/Furcifer-viridis-David-Proetzel-2-e1721567044978.jpg","contentUrl":"https:\/\/www.agchamaeleons.de\/wp-content\/uploads\/2024\/07\/Furcifer-viridis-David-Proetzel-2-e1721567044978.jpg","width":1614,"height":1174},{"@type":"WebSite","@id":"https:\/\/www.agchamaeleons.de\/de\/#website","url":"https:\/\/www.agchamaeleons.de\/de\/","name":"AG Cham\u00e4leons","description":"","potentialAction":[{"@type":"SearchAction","target":{"@type":"EntryPoint","urlTemplate":"https:\/\/www.agchamaeleons.de\/de\/?s={search_term_string}"},"query-input":{"@type":"PropertyValueSpecification","valueRequired":true,"valueName":"search_term_string"}}],"inLanguage":"de"},{"@type":"Person","@id":"https:\/\/www.agchamaeleons.de\/de\/#\/schema\/person\/b04500b4a994029068c4d5994e847ca3","name":"Alex Negro","url":"https:\/\/www.agchamaeleons.de\/de\/author\/alex\/"}]}},"_links":{"self":[{"href":"https:\/\/www.agchamaeleons.de\/de\/wp-json\/wp\/v2\/posts\/5722","targetHints":{"allow":["GET"]}}],"collection":[{"href":"https:\/\/www.agchamaeleons.de\/de\/wp-json\/wp\/v2\/posts"}],"about":[{"href":"https:\/\/www.agchamaeleons.de\/de\/wp-json\/wp\/v2\/types\/post"}],"author":[{"embeddable":true,"href":"https:\/\/www.agchamaeleons.de\/de\/wp-json\/wp\/v2\/users\/7"}],"replies":[{"embeddable":true,"href":"https:\/\/www.agchamaeleons.de\/de\/wp-json\/wp\/v2\/comments?post=5722"}],"version-history":[{"count":2,"href":"https:\/\/www.agchamaeleons.de\/de\/wp-json\/wp\/v2\/posts\/5722\/revisions"}],"predecessor-version":[{"id":5725,"href":"https:\/\/www.agchamaeleons.de\/de\/wp-json\/wp\/v2\/posts\/5722\/revisions\/5725"}],"wp:featuredmedia":[{"embeddable":true,"href":"https:\/\/www.agchamaeleons.de\/de\/wp-json\/wp\/v2\/media\/5723"}],"wp:attachment":[{"href":"https:\/\/www.agchamaeleons.de\/de\/wp-json\/wp\/v2\/media?parent=5722"}],"wp:term":[{"taxonomy":"category","embeddable":true,"href":"https:\/\/www.agchamaeleons.de\/de\/wp-json\/wp\/v2\/categories?post=5722"},{"taxonomy":"post_tag","embeddable":true,"href":"https:\/\/www.agchamaeleons.de\/de\/wp-json\/wp\/v2\/tags?post=5722"}],"curies":[{"name":"wp","href":"https:\/\/api.w.org\/{rel}","templated":true}]}}